{"id":1112,"date":"2021-08-12T20:16:48","date_gmt":"2021-08-12T20:16:48","guid":{"rendered":"https:\/\/danielathali.ch\/wordpress\/?p=1112"},"modified":"2022-04-19T08:02:43","modified_gmt":"2022-04-19T08:02:43","slug":"fun-facts-ueber-mich","status":"publish","type":"post","link":"https:\/\/danielathali.ch\/wordpress\/fun-facts-ueber-mich\/","title":{"rendered":"Fun Facts \u00fcber mich"},"content":{"rendered":"<h1><\/h1>\n<ol>\n<li>Ich wurde im B\u00fcndnerland geboren und bin mit drei Jahren in meine Herzensstadt Rapperswil am Z\u00fcrichsee gez\u00fcgelt.<\/li>\n<li>Aus verschiedenen Gr\u00fcnden zog ich nach der Familiengr\u00fcndung in zwei Orte auf der anderen Seite des Sees, hatte aber immer Heimweh.<\/li>\n<li>Seit 2010 wohne ich wieder in Rapperswil und ich f\u00fchle mich so happy hier.<\/li>\n<li>Meine Schwester und ich sind rothaarig, obwohl es sonst in der Ursprungsfamilie niemand war.<\/li>\n<li>Von meinen drei Kindern, habe ich die rote Haarfarbe meiner Tochter weitergeben und sie wiederum einem ihrer f\u00fcnf Kinder.<\/li>\n<li>Zu meinem ersten Geburtstag bekam ich eine Schaukelschnecke aus Holz. Diese existiert noch heute und wird von meinen Enkeln und Enkelinnen fleissig benutzt.<\/li>\n<li>Es wird von mir erz\u00e4hlt, dass ich als Kind alles gelesen habe, was Buchstaben hat.<\/li>\n<li>Das geschriebene Wort fasziniert mich auch heute noch. Ich lese sehr gerne B\u00fccher, Zeitschriften, interessante Texte &#8211; mittlerweile auch vieles online oder via E-Book.<\/li>\n<li>Als Kind wollte ich Papst oder Priester werden. Men Gedanke dahinter war, dass ich dann den Menschen beibringen kann, in Frieden zu leben. Wenn jemand gesagt hat, das geht nicht, weil du weiblich bist, antwortete ich: Dann werde ich eben die erste P\u00e4pstin oder Priesterin.<\/li>\n<li>Mein Musikstil erstaunt manche Menschen. Ich h\u00f6re gerne Nu Metal, vor allem Evanescence &#8211; da war ich schon an drei Live-Konzerten.<\/li>\n<li>Das letzte Kleidungsst\u00fcck, das ich gekauft habe, war vor ca. 3 Jahren eine Winterjacke.<\/li>\n<li>Ich mache meine Kleidung am liebsten selber. Ich n\u00e4he, stricke und h\u00e4kle sehr gerne. Mittlerweile sehe ich beim shoppen ein Kleidungsst\u00fcck und denke: das k\u00f6nnte ich auch selber machen.<\/li>\n<li>Seit acht Jahren ern\u00e4hre ich mich haupts\u00e4chlich vegan. Das war kein bewusster Entscheid. Ich hatte vorher mehrmals versucht auf Fleisch zu verzichten, was mir aber nie gelungen ist. Dann &#8211; von einem Tag auf den anderen &#8211; hat es mich geekelt vor dem Fleisch essen. Auf Milchprodukte zu verzichten, war kein Problem, weil ich vieles schon als Kind nie mochte.<\/li>\n<li>Ich bin eine tolerante Veganerin. Ich habe f\u00fcr diese Ern\u00e4hrungsform f\u00fcr mich gew\u00e4hlt. Meine Mitmenschen sollen selber f\u00fcr sich entscheiden. Wenn ich gefragt werde, gebe ich gerne Auskunft, wenn nicht lasse ich das missionieren. Auch mein Mann erh\u00e4lt regelm\u00e4ssig Fleisch und K\u00e4se von mir gekocht.<\/li>\n<li>Als Kind\/Jugendliche war es immer ein Traum von mir, einmal ein Jahr mit dem Zirkus zu reisen. Als ich dann w\u00e4hrend der Ausbildung meinen Mann kennen lernte und wir schon bald darauf eine Familie gr\u00fcndeten, trat dieser Wunsch in den Hintergrund. Das Zirkus Leben fasziniert mich immer noch. Aber ich bereue es nicht, dass ich diesem Wunsch nicht nachgegangen bin.<\/li>\n<li>Ich bin in der N\u00e4he eines Eisfeldes aufgewachsen und habe in meiner Kindheit und Jugend ganz viel Zeit dort verbracht. Dabei entdeckte ich meine Leidenschaft f\u00fcrs Eishockey. Obwohl wir damals als M\u00e4dchen nur Eiskunstlauf-Kurse besuchen konnten und keinen Zugang zu Eishockey-Kursen hatten, spielte ich in der Freizeit am liebsten Eishockey.<\/li>\n<li>Mittlerweile verfolge ich &#171;meine&#187; Mannschaft als Fan und ich liebe es, Spiele dieser Sportart anzuschauen.<\/li>\n<li>Eigentlich wollte ich schon nach der Schule einen sozialen Beruf w\u00e4hlen. Da damals das Alter 18 Bedingung war, entschloss ich mich zuerst eine kaufm\u00e4nnische Lehre zu machen. Danach kam die Familiengr\u00fcndung und ich war zehn Jahre Familienfrau.<\/li>\n<li>Als es um den Wiedereinstieg ging, bewarb ich mich auf Stellen im sozialen Bereich und arbeite seither Teilzeit in einem Wohnheim f\u00fcr erwachsene Menschen mit kognitiver Beeintr\u00e4chtigung.<\/li>\n<li>Ich habe von meinem Mann nie einen Heiratsantrag erhalten. Irgendwie habe wir im Gespr\u00e4ch einfach gemeinsam beschlossen, dass wir heiraten wollen. Das war und ist voll ok f\u00fcr mich.<\/li>\n<li>Wie schon genannt, war ich zehn Jahre Familienfrau. Ich habe diese Zeit sehr genossen und w\u00fcrde es wieder so machen. Mein Mann und ich hatten und klassisch aufgeteilt und das stimmte so f\u00fcr beide. Allerdings waren Putzen und Waschen, die Arbeiten, die mit gar nicht gefielen und ich immer wieder vor mir herschob. Mittlerweile ist das Waschen der Job meines Mannes \ud83d\ude42<\/li>\n<li>Im Jahr 2019 hatten meine Mann und ich w\u00e4hrend f\u00fcnf Monaten eine \u00f6rtlich getrennte Beziehung. Sein Wunsch war es f\u00fcnf Monate mit dem Velo durch Kanada zu fahren. Ich unterst\u00fctzte ihn, diesen Wunsch umzusetzen.<\/li>\n<li>Diese \u00f6rtliche Trennung war eine wunderbare Erfahrung f\u00fcr beide. Wir sind seit 35 Jahren zusammen und waren nie so lange getrennt. Mir hat es auf jeden Fall gezeigt, dass ich auch problemlos alleine zu Gange komme. Trotzdem habe ich ihn sehr vermisst und das Wiedersehen war wundersch\u00f6n.<\/li>\n<li>Ich habe f\u00fcnf Enkelkinder und ich finde es wundersch\u00f6n, Zeit mit ihnen zu verbringen. Es macht Spass, mich auf ihre Welt einzulassen.<\/li>\n<li>Einer meiner Lieblingsfilme ist: K\u00f6nig der L\u00f6wen.<\/li>\n<li>Nat\u00fcrlich wollte ich auch das Musical sehen. Ich habe es vier Mal geschafft, je einmal in London und Hamburg und zwei Mal in Basel.<\/li>\n<li>Drei N\u00fcsse f\u00fcr Aschenbr\u00f6del zu schauen, geh\u00f6rt f\u00fcr mich jedes Jahr zur Weihnachtszeit. Das wissen viele und ich erhalte zuverl\u00e4ssig die Ausstrahlungsdaten via Social Media oder whatsapp von meinem Umfeld.<\/li>\n<li>Meine Vision ist eine friedliche und fr\u00f6hliche Welt voller Liebe mit zufriedenen Menschen, die ihr Leben freudvoll und kraftvoll gestalten<\/li>\n<li>Ich mag keine Ungerechtigkeit.<\/li>\n<li>Ich war schon immer sehr tierlieb. Schon als Kind habe ich einen kleinen Teil meines Taschengeldes an einen Pferdegnadenhof gespendet.<\/li>\n<li>Obwohl ich nie ins Wasser gehe, liebe ich den See und das Meer. Ich kann mir nicht vorstellen, nicht mehr am See zu wohnen. Die Reise ans Meer fehlt mir zurzeit leider.<\/li>\n<li>Meine Lieblingsfarbe war schon immer blau. Durch eine Farb- und Typberatung habe ich erfahren, dass f\u00fcr mich petrolblau sehr vorteilhaft ist. Mittlerweile hat ein grosser Teil meiner Kleidung und Accessoires diese Farbe in ganz verschiedenen Nuancen und ich f\u00fchle mich sehr wohl damit.<\/li>\n<li>Zum 40. Geburtstag habe ich mir ein Pferd gekauft. Von meiner Stute habe ich sehr viel gelernt. Pferde sind wunderbare Lehrmeister, wenn man sie l\u00e4sst. Mittlerweile ist sie \u00fcber 30 Jahre alt und geniesst ihr Leben als Rentnerin.<\/li>\n<li>Mein Pferd heisst &#171;Beautiful business&#187; -ein sehr spezieller Name. Ich bitte sie jedoch seit einiger Zeit um Unterst\u00fctzung bei meinem Business und ihr Bild h\u00e4ngt in meinem Praxisraum. Ihr Rufname lautet Beauty.<\/li>\n<li>Ich mag keine Blumenstr\u00e4usse. Entweder m\u00f6chte ich die Pflanzen auf der Wiese oder im Garten sehen oder dann in einem Topf, in dem sie weiterwachsen k\u00f6nnen.<\/li>\n<li>Obwohl ich regelm\u00e4ssig mit dem Fahrrad zu meiner Arbeit oder zu meinem Pferd unterwegs bin, fahre ich nicht gerne Velo. F\u00fcr mich ist es nur ein Vehikel, um von A nach B zu kommen. Ich mache ganz selten in meiner Freizeit eine Fahrradtour.<\/li>\n<li>Morgens wenn ich aufstehe, trinke ich immer zuerst ein Glas Wasser und einen Espresso. Danach kann der Tag f\u00fcr mich beginnen.<\/li>\n<li>Ich schreibe mit der linken Hand und mache auch sonst Vieles linksh\u00e4ndig &#8211; mit der Schere schneiden geh\u00f6rt aber nicht dazu.<\/li>\n<li>Am Anfang unsere Beziehung wollte mir mein Mann eine Freude machen und hat mir eine Schere f\u00fcr Linksh\u00e4nder gekauft. Er konnte sie dann umtauschen.<\/li>\n<li>Mein Sohn hatte es sehr eilig bei der Geburt. Es reichte nicht ins Krankenhaus. Er erblickte bei -2 Grad auf dem Weg zum Auto das Licht der Welt.<\/li>\n<li>Seit \u00fcber drei Jahren sind mein Mann und ich ohne Auto unterwegs. Wir beschlossen, es zu versuchen und haben es bis jetzt nicht bereut.<\/li>\n<li>Ich habe ein gutes Auge f\u00fcr Rechtschreibfehler. Ist in einem Text einer vorhanden, springt er mir sicher ins Auge. Einzige Ausnahme: meine eigenen Texte<\/li>\n<li>Ich habe immer mehrere \u00e4hnliche Dinge gleichzeitig angefangen, z. B. mehrere B\u00fccher angefangen zu lesen, mehrere Strickst\u00fccke auf den Nadeln oder mehrere N\u00e4hprojekte angefangen. Ich nehme jeweils das zur Hand, bei welchem die Energie stimmt und was mir gerade Freude und Spass macht. Ich bin dadurch viel produktiver als wenn ich etwas &#171;durchziehe&#187;<\/li>\n<li>Eigentlich war ich schon immer so. Mir wurde dann aber beigebracht, dass man eines nach dem anderen macht und nicht so vieles gleichzeitig anf\u00e4ngt. Als ich erwachsen wurde, habe ich es trotzdem gemacht, wie ich es f\u00fcr gut befand &#8211; immer mit einem schlechten Gewissen, weil man es so nicht macht. Erst seit einigen Jahren kann ich akzeptieren, dass dies ein Teil von mir ist und offen dazu stehen.<\/li>\n<li>Meine Liebe zur Energiearbeit entdeckte ich im Jahre 2011. Schon vorher war ich auf der Suche nach irgendetwas, wovon ich nicht genau wusste, was es war. Ich habe mehrere Workshops besucht bis ich den Einf\u00fchrungskurs in Pranic Healing besuchte und mir klar war, das ist es.<\/li>\n<li>Schon als Kind habe ich diverse Energien und Wesen wahrgenommen, f\u00fcr mich war das ganz normal. Mit der Zeit merkte ich, dass das nicht bei allen und vor allem bei den Erwachsenen nicht so ist. Mit der Energiearbeit konnte ich meine F\u00e4higkeiten und Freude daran wieder entdecken<\/li>\n<\/ol>\n<p>&nbsp;<\/p>\n<p>&nbsp;<\/p>\n<p>&nbsp;<\/p>\n<p>&nbsp;<\/p>\n<p>&nbsp;<\/p>\n<p>&nbsp;<\/p>\n","protected":false},"excerpt":{"rendered":"<p>Ich wurde im B\u00fcndnerland geboren und bin mit drei Jahren in meine Herzensstadt Rapperswil am Z\u00fcrichsee gez\u00fcgelt. Aus verschiedenen Gr\u00fcnden zog ich nach der Familiengr\u00fcndung in zwei Orte auf der anderen Seite des Sees, hatte aber immer Heimweh. Seit 2010 wohne ich wieder in Rapperswil und ich f\u00fchle mich so happy hier. Meine Schwester und [&hellip;]<\/p>\n","protected":false},"author":1,"featured_media":1256,"comment_status":"open","ping_status":"open","sticky":false,"template":"","format":"standard","meta":{"_et_pb_use_builder":"","_et_pb_old_content":"","_et_gb_content_width":"","footnotes":""},"categories":[10],"tags":[],"class_list":["post-1112","post","type-post","status-publish","format-standard","has-post-thumbnail","hentry","category-persoenliches"],"_links":{"self":[{"href":"https:\/\/danielathali.ch\/wordpress\/wp-json\/wp\/v2\/posts\/1112","targetHints":{"allow":["GET"]}}],"collection":[{"href":"https:\/\/danielathali.ch\/wordpress\/wp-json\/wp\/v2\/posts"}],"about":[{"href":"https:\/\/danielathali.ch\/wordpress\/wp-json\/wp\/v2\/types\/post"}],"author":[{"embeddable":true,"href":"https:\/\/danielathali.ch\/wordpress\/wp-json\/wp\/v2\/users\/1"}],"replies":[{"embeddable":true,"href":"https:\/\/danielathali.ch\/wordpress\/wp-json\/wp\/v2\/comments?post=1112"}],"version-history":[{"count":26,"href":"https:\/\/danielathali.ch\/wordpress\/wp-json\/wp\/v2\/posts\/1112\/revisions"}],"predecessor-version":[{"id":1259,"href":"https:\/\/danielathali.ch\/wordpress\/wp-json\/wp\/v2\/posts\/1112\/revisions\/1259"}],"wp:featuredmedia":[{"embeddable":true,"href":"https:\/\/danielathali.ch\/wordpress\/wp-json\/wp\/v2\/media\/1256"}],"wp:attachment":[{"href":"https:\/\/danielathali.ch\/wordpress\/wp-json\/wp\/v2\/media?parent=1112"}],"wp:term":[{"taxonomy":"category","embeddable":true,"href":"https:\/\/danielathali.ch\/wordpress\/wp-json\/wp\/v2\/categories?post=1112"},{"taxonomy":"post_tag","embeddable":true,"href":"https:\/\/danielathali.ch\/wordpress\/wp-json\/wp\/v2\/tags?post=1112"}],"curies":[{"name":"wp","href":"https:\/\/api.w.org\/{rel}","templated":true}]}}