{"id":1246,"date":"2021-08-07T07:06:07","date_gmt":"2021-08-07T07:06:07","guid":{"rendered":"https:\/\/danielathali.ch\/wordpress\/?p=1246"},"modified":"2023-06-05T17:09:53","modified_gmt":"2023-06-05T17:09:53","slug":"meine-vision-einblicke-in-mein-gefuehlsleben","status":"publish","type":"post","link":"https:\/\/danielathali.ch\/wordpress\/meine-vision-einblicke-in-mein-gefuehlsleben\/","title":{"rendered":"Meine Vision &#8211; Einblicke in mein Gef\u00fchlsleben"},"content":{"rendered":"<h3>Wie lautet meine Vision<\/h3>\n<span style=\"font-weight: 400;\">Meine Vision ist eine friedliche Welt voller Liebe und gl\u00fccklicher Menschen. Das Gef\u00fchl dieser Vision hatte ich schon als Kind in mir. Ich wollte, dass es allen und allem um mich herum gut geht. Mein Berufswunsch war Papst oder wenigstens Priester. Ich war sehr \u00fcberzeugt davon. Wenn jemand zu mir sagte: &#171;Das geht nicht, du bist ein M\u00e4dchen&#187;, antwortete ich: &#171;Dann werde ich eben die Erste&#187;. Hinter diesem Berufswunsch steckte die Vorstellung, F\u00fchrerin zu sein und den Menschen den Weg zum Frieden, zum Gl\u00fcck und zur Liebe aufzeigen zu k\u00f6nnen. Ich hatte eine konkrete Vorstellung, was diese Berufe bewirken. Priester wenden sich jede Woche mit ihrer Predigt an die Gemeinde und regen zum Nachdenken an. Zudem schauen sie auf das Wohl ihrer Kirchenmitglieder und unterst\u00fctzen sie in schweren Zeiten. Der Papst wiederum steht \u00fcber all dem und ist verantwortlich daf\u00fcr, dass Liebe und Frieden in der Welt verbreitet werden. Heute sehe ich, dass es in der Realit\u00e4t zum Teil anders ist. Doch der urspr\u00fcngliche Grundgedanke dieser Berufe stimmt noch mit meiner Vision \u00fcberein. Der Wunsch, die Menschen auf dem Weg zum Frieden, zum Gl\u00fcck und zur Liebe zu unterst\u00fctzen, ist geblieben.<\/span>\n<h3>Umgang mit der Umwelt &#8211; ein weiterer wichtiger Wert f\u00fcr mich<\/h3>\n<span style=\"font-weight: 400;\">Zus\u00e4tzlich zu meinen Berufsw\u00fcnschen war mir ein sorgsamer Umgang mit der Umwelt und der Erde immer schon wichtig. Ich mag mich gut erinnern, dass ich es als Kind nicht nachvollziehen konnte, dass jemand willentlich Tiere qu\u00e4lt oder die Natur zerst\u00f6rt. Das ist nat\u00fcrlich noch heute so. K\u00fcrzlich bei einem Workshop wurde anhand des Horoskops der gr\u00f6sste Schmerzpunkt analysiert. Bei mit lautet er: Du sp\u00fcrst den ganzen Weltschmerz. Als ich das h\u00f6rte, kamen mir fast die Tr\u00e4nen. Ich sp\u00fcrte in diesem Satz aus tiefstem Herzen, so viel Wahrheit liegt darin. Das war wunderbar in Worte ausgedr\u00fcckt, was ich schon von klein auf gesp\u00fcrt hatte. Im Fr\u00fchjahr 2020 gab es eine Zeit, in der die Welt ziemlich still stand. Die Erde kam zur Ruhe, die Natur erholte sich und die Menschen k\u00fcmmerten sich umeinander. Selbstverst\u00e4ndlich fand ich die Ursache daf\u00fcr gar nicht sch\u00f6n. Doch ich h\u00f6rte immer wieder, dass dieser auferlegte Stopp auch gut tat. Ich erhoffte mir davon, dass dieser Einschnitt nachhaltiger wirkt. Leider wollten aber zu viele zur\u00fcck in ihr altes Leben. Das macht mich immer noch nachdenklich.<\/span>\n<h3>Mit welcher Stimmung gehe ich durch das Leben?<\/h3>\nWenn du bis hierhin gelesen hast, ist bei dir vielleicht der Eindruck entstanden, dass ich ein tieftrauriger, betr\u00fcbter, pessimistischer Mensch bin. Aber das Gegenteil ist der Fall. Ich betrachte mich als grunds\u00e4tzlich fr\u00f6hlichen, optimistischen und ausgeglichenen Menschen. Auch die R\u00fcckmeldungen aus meinem Umfeld best\u00e4tigen das. Wie kann das sein? Genau aus diesem tiefen Schmerz, den ich sp\u00fcre, entsteht eine riesige Kraft. Diese Kraft hilft mir, immer mehr aktiv zu sein, um meine Vision zu verbreiten. Ich m\u00f6chte pure Freude, Liebe, Leichtigkeit und Lachen in die Welt senden. Ich w\u00fcnsche mir, dass die Menschen, das Leben in vollen Z\u00fcgen geniessen k\u00f6nnen und jeden Morgen dankbar aufstehen.\n<h3>Was heisst f\u00fcr mich: das Leben geniessen?<\/h3>\n<span style=\"font-weight: 400;\">Das Leben geniessen heisst f\u00fcr mich, dass ich Dinge mache, die mein Herz erf\u00fcllen und bei denen ich auch mit voller Liebe dabei sein kann &#8211; Dinge, die meinem K\u00f6rper und meinem Geist gut tun. Ich sehe die Sch\u00f6nheit der Welt und bin dankbar daf\u00fcr, in dieser Zeit zu leben. Ich m\u00f6chte mich mit Menschen und Dingen umgeben, die mich zufrieden machen. Ich stehe am Morgen auf und freue mich auf den Tag und auf alles, was der Tag f\u00fcr mich bereith\u00e4lt. Wenn ich mich in diese Energie einf\u00fchle, sp\u00fcrt sich das wundersch\u00f6n an. Ganz klar abgrenzen m\u00f6chte ich mich von &#171;toxic positivity&#187;.&nbsp; Im folgenden Link &nbsp;kannst du nachlesen, was damit gemeint ist. <a href=\"https:\/\/utopia.de\/ratgeber\/toxic-positivity-wenn-es-zu-viel-des-guten-ist\/\" target=\"_blank\" rel=\"noopener\">Hier geht es zum Text<\/a><\/span>\n<h3>Was braucht es dazu?<\/h3>\n<span style=\"font-weight: 400;\">Um diese Vision zu verbreiten, braucht es zufriedene Menschen, die ihr Leben kraftvoll und selbstbestimmt leben. Es braucht Menschen, die aus dem Hamsterrad aussteigen und ihre Meinung \u00e4ussern, auch wenn sie ziemlich alleine damit dastehen. Es braucht Menschen, die querdenken und somit ganz andere Ideen und Ans\u00e4tze ins Leben und in die Gesellschaft bringen. Vergangene Zeiten haben gezeigt, dass solche Menschen oft ber\u00fchmte K\u00fcnstler und Entdecker waren oder einfach Menschen, die Ver\u00e4nderungen in der Welt bewirken konnten. Sie hatten es meistens nicht einfach, wurden ausgegrenzt oder bel\u00e4chelt und trotzdem haben sie f\u00fcr ihre Vision gelebt. W\u00e4re es nun nicht an der Zeit, dass diese Menschen sich trauen, ihre Ideen und Meinungen zu \u00e4ussern, und dass vermehrt auf sie geh\u00f6rt wird? Gemeinsam k\u00f6nnen wir so viel bewirken. <\/span>\n<h3>Vorschau auf meinen n\u00e4chsten Blogartikel<\/h3>\nIm meiner Vision kommen die Begriffe Frieden, Gl\u00fcck und Liebe vor. Was ich im Zusammenhang mit meiner Vision darunter verstehe, erkl\u00e4re ich im n\u00e4chsten Blogartikel.\n<h3>Was kann ich mit meiner Arbeit bewirken?<\/h3>\nMit ganzheitlicher K\u00f6rperarbeit, Energiearbeit und Coaching-Methoden unterst\u00fctzen ich dich dabei, dein Leben mehr nach deinen Vorstellungen zu Leben. Das bedeutet, die eigenen Bed\u00fcrfnisse wahrzunehmen und dir zu erlauben, diese in dein Leben zu integrieren. Du entdeckst deine innere St\u00e4rke und deine Kraftquelle auf dem Weg zu einem selbstbestimmten Leben. Dadurch kannst du aus dem Hamsterrad aussteigen. Deine Lebensfreude kehrt zur\u00fcck. Deine Selbstf\u00fcrsorge und dein Selbstwert werden gest\u00e4rkt, damit du deine Meinung mutig, \u00fcberzeug und liebevoll vertreten kannst.&nbsp; Leichtigkeit und Gelassenheit begleiten immer h\u00e4ufiger deinen Alltag und f\u00fchren dich zu einem freudvollen Leben. Aus diesem Leben heraus, kannst du mich unterst\u00fctzen, meine Vision in die Welt zu tragen. Es braucht jetzt genau dich, um unsere Welt zu einem friedlichen, liebevollen, gl\u00fccklichen Ort zu machen.&nbsp;<a href=\"https:\/\/danielathali.ch\/wordpress\/angebote\/\">Meine Angebote f\u00fcr dich<\/a>\n\n<img loading=\"lazy\" decoding=\"async\" class=\"alignnone  wp-image-476\" src=\"https:\/\/danielathali.ch\/wordpress\/wp-content\/uploads\/2021\/03\/cropped-201-1-scaled-1-300x300.jpg\" alt=\"\" width=\"222\" height=\"222\">\n\n&nbsp;\n\n&nbsp;\n\n&nbsp;\n\n<!-- \/wp:post-content -->\n\n<!-- wp:paragraph -->\n\n&nbsp;","protected":false},"excerpt":{"rendered":"<p>Wie lautet meine Vision Meine Vision ist eine friedliche Welt voller Liebe und gl\u00fccklicher Menschen. Das Gef\u00fchl dieser Vision hatte ich schon als Kind in mir. Ich wollte, dass es allen und allem um mich herum gut geht. Mein Berufswunsch war Papst oder wenigstens Priester. Ich war sehr \u00fcberzeugt davon. Wenn jemand zu mir sagte: [&hellip;]<\/p>\n","protected":false},"author":1,"featured_media":1270,"comment_status":"open","ping_status":"open","sticky":false,"template":"","format":"standard","meta":{"_et_pb_use_builder":"","_et_pb_old_content":"","_et_gb_content_width":"","footnotes":""},"categories":[10],"tags":[],"class_list":["post-1246","post","type-post","status-publish","format-standard","has-post-thumbnail","hentry","category-persoenliches"],"_links":{"self":[{"href":"https:\/\/danielathali.ch\/wordpress\/wp-json\/wp\/v2\/posts\/1246","targetHints":{"allow":["GET"]}}],"collection":[{"href":"https:\/\/danielathali.ch\/wordpress\/wp-json\/wp\/v2\/posts"}],"about":[{"href":"https:\/\/danielathali.ch\/wordpress\/wp-json\/wp\/v2\/types\/post"}],"author":[{"embeddable":true,"href":"https:\/\/danielathali.ch\/wordpress\/wp-json\/wp\/v2\/users\/1"}],"replies":[{"embeddable":true,"href":"https:\/\/danielathali.ch\/wordpress\/wp-json\/wp\/v2\/comments?post=1246"}],"version-history":[{"count":14,"href":"https:\/\/danielathali.ch\/wordpress\/wp-json\/wp\/v2\/posts\/1246\/revisions"}],"predecessor-version":[{"id":2166,"href":"https:\/\/danielathali.ch\/wordpress\/wp-json\/wp\/v2\/posts\/1246\/revisions\/2166"}],"wp:featuredmedia":[{"embeddable":true,"href":"https:\/\/danielathali.ch\/wordpress\/wp-json\/wp\/v2\/media\/1270"}],"wp:attachment":[{"href":"https:\/\/danielathali.ch\/wordpress\/wp-json\/wp\/v2\/media?parent=1246"}],"wp:term":[{"taxonomy":"category","embeddable":true,"href":"https:\/\/danielathali.ch\/wordpress\/wp-json\/wp\/v2\/categories?post=1246"},{"taxonomy":"post_tag","embeddable":true,"href":"https:\/\/danielathali.ch\/wordpress\/wp-json\/wp\/v2\/tags?post=1246"}],"curies":[{"name":"wp","href":"https:\/\/api.w.org\/{rel}","templated":true}]}}