{"id":2047,"date":"2023-03-06T08:00:00","date_gmt":"2023-03-06T08:00:00","guid":{"rendered":"https:\/\/danielathali.ch\/wordpress\/?p=2047"},"modified":"2023-03-07T07:41:16","modified_gmt":"2023-03-07T07:41:16","slug":"tod-und-trauer-learnings-fuers-leben","status":"publish","type":"post","link":"https:\/\/danielathali.ch\/wordpress\/tod-und-trauer-learnings-fuers-leben\/","title":{"rendered":"Der Tod meiner Stute und Gedanken \u00fcber das eigene Sterben"},"content":{"rendered":"\r\n<h2 class=\"wp-block-heading\">Ein Abschied am 8. Februar 2023<\/h2>\r\n\r\n\r\n\r\n<p>An diesem Tag durfte ich meine Stute Beauty auf ihrer letzten Reise begleiten. Sie wurde 32 Jahre alt, was ein <a href=\"https:\/\/www.allianz.de\/gesundheit\/pferdekrankenversicherung\/wie-alt-werden-pferde\/#:~:text=Ein%20Pferd%20wird%20im%20Schnitt%2020%20bis%2035,durchaus%20Einfluss%20darauf%2C%20wie%20alt%20Ihr%20Pferd%20wird.\" target=\"_blank\" rel=\"noopener\">stolzes Alter<\/a> f\u00fcr ein Pferd ihrer Rasse ist. 18 Jahre lang war sie an meiner Seite &#8211; also fast 1\/3 meines Lebens.<\/p>\r\n\r\n\r\n\r\n<p>Nachdem sie mehrere Tage fast nichts mehr gefressen hat (obwohl sie das Fressen fr\u00fcher liebte) und auch Schmerzen in den Beinen zu haben schien, war es f\u00fcr mich klar, dass nun der Zeitpunkt gekommen ist. Sie wirkte auch teilnahmslos und es war kein Lebenswille mehr zu sp\u00fcren. Ich hatte mich ja schon l\u00e4nger mit dem Gedanken befasst, weil sie schon so alt war. Ich habe ihr auch immer gesagt, dass sie leben darf so lange sie will. Wenn es aber an der Zeit ist zu gehen, soll sie entweder selber gehen oder mir ein klares Zeichen geben, dass es nun soweit ist. F\u00fcr mich waren jetzt die Zeichen klar.<\/p>\r\n\r\n\r\n\r\n<p>Die Tier\u00e4rztin kam am Nachmittag vorbei. Sie hat mir im Vorfeld gesagt, dass es vorkommt, dass Pferde sich stark wehren, das sei jedoch nur noch ein automatischer Reflex. Wir haben Beauty auf eine Wiese hinter dem Stall gef\u00fchrt. Sie ging friedlich neben mir her. Ich bin \u00fcberzeugt, dass sie wusste, was geschieht. Auf der Wiese hat sie kurz nochmals Gras gefressen. Schon nach der ersten Spritze, die m\u00fcde macht, wurde sie ganz ruhig. Sie erhielt die zweite Spritze. Sehr schnell legte sie sich hin und war ganz ruhig und friedlich. Der Atem wurde immer langsamer bis er dann ganz ausblieb. Ich war die ganze Zeit bei ihr und streichelte sie. Dabei liefen mit die Tr\u00e4nen \u00fcber das Gesicht. Es f\u00fchlte sich jedoch so stimmig und friedlich an. Beauty scheint im Einklang mit allem von dieser Welt gegangen zu sein. Es ist schwierig, diese Stimmung zu beschreiben. Doch diese Ruhe und dieser Frieden hat mich sehr beeindruckt.<\/p>\r\n\r\n\r\n\r\n<h2 class=\"wp-block-heading\">Danke Beauty<\/h2>\r\n\r\n\r\n\r\n<p>Du warst eine wunderbare Lehrmeisterin. Da du sehr dominant warst, habe ich viel f\u00fcr mein Durchsetzungs-Verm\u00f6gen gelernt. Ich habe aber auch gesehen, wie du ruhig, klar deine Rolle als Herden-Chefin wahrgenommen hast. Du brauchtest dazu keine grossen K\u00e4mpfe, Deine Pr\u00e4senz und dein klares Auftreten reichten. Zudem hast du von mir immer &#171;verlangt&#187;, dass ich beim Reiten oder bei der Bodenarbeit, dir die volle Aufmerksamkeit geschenkt habe und nicht mit den Gedanken irgendwohin abgeschweift bin &#8211; ist das passiert, hast du einfach das gemacht, wozu DU gerade Lust hattest. So lernte ich, den Fokus zu halten. Bei dir habe ich auch sehr viel gelernt \u00fcber die Energie, die ich gerade ausstrahlte. Du warst eine gute Leserin der Energien und dies im Umgang mit allen Menschen und Tieren, um dich herum. Du hast kleine Kinder geliebt und es war herrlich zu sehen, wie vorsichtig und umschauend du im Umgang mit ihnen warst.<\/p>\r\n\r\n\r\n\r\n<figure class=\"wp-block-image aligncenter size-full is-resized\"><img loading=\"lazy\" decoding=\"async\" class=\"wp-image-2053\" src=\"https:\/\/danielathali.ch\/wordpress\/wp-content\/uploads\/2023\/03\/IMG_6232.jpg\" alt=\"Mein Seelenpferd\" width=\"200\" height=\"301\" \/><\/figure>\r\n\r\n\r\n\r\n<h2 class=\"wp-block-heading\">Was habe ich f\u00fcr mein eigenes Sterben gelernt?<\/h2>\r\n\r\n\r\n\r\n<p>Danach ist in mir der Wunsch aufgetaucht, dass ich &#8211; wenn der Zeitpunkt dann da ist &#8211; ich mich auch so ruhig, friedlich und im Einklang von dieser Welt verabschieden m\u00f6chte. Wenn ich sp\u00fcre, dass der Zeitpunkt kommt, m\u00f6chte ich voller Dankbarkeit auf mein Leben zur\u00fcckblicken und bereit sein, die Erde zu verlassen. Ich m\u00f6chte auf ein erf\u00fclltes Leben zur\u00fcckschauen und sagen k\u00f6nnen, dass ich mein Leben gelebt habe und die Verantwortung f\u00fcr die Gestaltung meines Lebens \u00fcbernommen habe. Ich m\u00f6chte in Frieden sein, mit allem, was passiert ist und allen herausfordernden Situationen, die ich erlebt habe. Am liebsten w\u00fcrde ich nat\u00fcrlich &#8211; wie Beauty &#8211; dabei Menschen um mich herum haben, die ich liebe und die mich lieben.<\/p>\r\n\r\n\r\n\r\n<h2 class=\"wp-block-heading\">Was bedeutet das f\u00fcr mein Leben jetzt?<\/h2>\r\n\r\n\r\n\r\n<p>Ich m\u00f6chte an meinem Lebensende auf ein erf\u00fclltes Leben zur\u00fcckblicken.<\/p>\r\n\r\n\r\n\r\n<p>Kein Mensch weiss, wie viel Lebenszeit er noch zur Verf\u00fcgung hat. Deshalb ist es wichtig f\u00fcr mich, mein Leben zu jedem Zeitpunkt so zu gestalten, dass es den Bed\u00fcrfnissen meines inneren, wahren Wesens entspricht. Dies zu entdecken und zu erforschen geh\u00f6rt zu meinen Lebensaufgaben. Ich bin \u00fcberzeugt davon dass wir auf dieser Erde sind, um (k\u00f6rperliche) Erfahrungen zu sammeln. Gleichzeitig d\u00fcrfen wir unser Leben geniessen und als wundervolle Abenteuer-Reise gestalten. HIer sind einige Tipps, was du f\u00fcr ein genussvolles Leben tun kannst:<\/p>\r\n\r\n\r\n\r\n<ul class=\"wp-block-list\">\r\n<li>Verbringe Zeit mit Menschen, die dir wichtig sind<\/li>\r\n\r\n\r\n\r\n<li>Entdecke neue Dinge, das kann dein Leben spannender und aufregender machen<\/li>\r\n\r\n\r\n\r\n<li>Sei achtsam und dankbar. Geniesse den Moment<\/li>\r\n\r\n\r\n\r\n<li>Verbringe Zeit mit dir selber und geniesse diese Zeit, um neue Energie zu tanken<\/li>\r\n\r\n\r\n\r\n<li>Verbringe Zeit in der Natur. Die Natur bewertet nicht und du kannst einfach du sein<\/li>\r\n<\/ul>\r\n\r\n\r\n\r\n<p><strong>Ich m\u00f6chte jetzt alte Wunden heilen<\/strong><\/p>\r\n\r\n\r\n\r\n<p>In unserer Kindheit wurden wir von den verschiedensten Menschen und Situationen gepr\u00e4gt. Vieles davon haben wir in unserem K\u00f6rper noch abgespeichert. Es liegt unverarbeitet auf der Lauer. Kommt nun im Erwachsenen-Leben eine Situation, die \u00e4hnliche Gef\u00fchle in uns ausl\u00f6st, reagieren wir oft unbewusst darauf. Neue Wunden entstehen nur auf der Basis der alten Wunden aus unserer Kindheit. Jeder Schmerz, der jetzt ausgel\u00f6st wird, hat eine Ursache im Zellged\u00e4chtnis. Ich kann mich nun entscheiden, ob ich diese Situation bewusst anschauen und aufl\u00f6sen m\u00f6chte oder ob ich die Gedanken und Gef\u00fchle wieder zur\u00fcck in meinen K\u00f6rper dr\u00e4ngen m\u00f6chte. Wenn ich verdr\u00e4nge kann das einerseits zur Folge haben, dass sich k\u00f6rperliche und psychische Symptome und Krankheiten entwickeln. Andererseits kann es sein, dass uns das Leben immer heftigere Herausforderungen vor die F\u00fcsse wirft, damit wir endlich die Situation bewusst anschauen und aufl\u00f6sen. F\u00fcr mich heisst das, dass ich solche Situationen bewusst anschauen und f\u00fchlen m\u00f6chte und mit Dankbarkeit und Verzeihen abschliessen kann. Es ist mir klar, dass dies bis an mein Lebensende dauern wird. Es ist jedoch ein Weg dazu, immer mehr im Einklang mit meinem Leben zu sein. Ich stelle mir vor, dass ich im hohen Alter immer mehr meine Aufmerksamkeit nach Innen richte und im Frieden mit mir selber bin und mit allem, was ist.<\/p>\r\n\r\n\r\n\r\n<h2 class=\"wp-block-heading\">Ist dies auch dein Wunsch?<\/h2>\r\n\r\n\r\n\r\n<p>Gerne unterst\u00fctze ich dich mit meinen <a href=\"https:\/\/danielathali.ch\/wordpress\/angebote\/\">Angeboten<\/a> bei der Gestaltung deines Lebens. Ich finde es wichtig, jetzt die Grundsteine f\u00fcr ein erf\u00fclltes Leben zu setzen &#8211; egal in welchem Alter du dich gerade befindest. Ich finde es wichtig, die Verantwortung f\u00fcr die Gestaltung des eigenen Lebens zu \u00fcbernehmen.<\/p>\r\n\r\n\r\n\r\n<figure class=\"wp-block-image aligncenter size-full is-resized\"><img loading=\"lazy\" decoding=\"async\" class=\"wp-image-412\" src=\"https:\/\/danielathali.ch\/wordpress\/wp-content\/uploads\/2021\/03\/201.jpg\" alt=\"ich unterst\u00fctze dich gerne mit meinen Angeboten\" width=\"265\" height=\"176\" \/><\/figure>\r\n\r\n\r\n\r\n<blockquote class=\"wp-block-quote is-layout-flow wp-block-quote-is-layout-flow\">\r\n<p>Die Ver\u00e4nderung von morgen beginnt mit einem kleinen Schritt heute. Lebe deine Vision!<\/p>\r\n<\/blockquote>\r\n","protected":false},"excerpt":{"rendered":"<p>Ein Abschied am 8. Februar 2023 An diesem Tag durfte ich meine Stute Beauty auf ihrer letzten Reise begleiten. Sie wurde 32 Jahre alt, was ein stolzes Alter f\u00fcr ein Pferd ihrer Rasse ist. 18 Jahre lang war sie an meiner Seite &#8211; also fast 1\/3 meines Lebens. Nachdem sie mehrere Tage fast nichts mehr [&hellip;]<\/p>\n","protected":false},"author":1,"featured_media":2050,"comment_status":"open","ping_status":"open","sticky":false,"template":"","format":"standard","meta":{"_et_pb_use_builder":"off","_et_pb_old_content":"","_et_gb_content_width":"","footnotes":""},"categories":[10,11],"tags":[],"class_list":["post-2047","post","type-post","status-publish","format-standard","has-post-thumbnail","hentry","category-persoenliches","category-selbstbestimmt-leben"],"_links":{"self":[{"href":"https:\/\/danielathali.ch\/wordpress\/wp-json\/wp\/v2\/posts\/2047","targetHints":{"allow":["GET"]}}],"collection":[{"href":"https:\/\/danielathali.ch\/wordpress\/wp-json\/wp\/v2\/posts"}],"about":[{"href":"https:\/\/danielathali.ch\/wordpress\/wp-json\/wp\/v2\/types\/post"}],"author":[{"embeddable":true,"href":"https:\/\/danielathali.ch\/wordpress\/wp-json\/wp\/v2\/users\/1"}],"replies":[{"embeddable":true,"href":"https:\/\/danielathali.ch\/wordpress\/wp-json\/wp\/v2\/comments?post=2047"}],"version-history":[{"count":8,"href":"https:\/\/danielathali.ch\/wordpress\/wp-json\/wp\/v2\/posts\/2047\/revisions"}],"predecessor-version":[{"id":2075,"href":"https:\/\/danielathali.ch\/wordpress\/wp-json\/wp\/v2\/posts\/2047\/revisions\/2075"}],"wp:featuredmedia":[{"embeddable":true,"href":"https:\/\/danielathali.ch\/wordpress\/wp-json\/wp\/v2\/media\/2050"}],"wp:attachment":[{"href":"https:\/\/danielathali.ch\/wordpress\/wp-json\/wp\/v2\/media?parent=2047"}],"wp:term":[{"taxonomy":"category","embeddable":true,"href":"https:\/\/danielathali.ch\/wordpress\/wp-json\/wp\/v2\/categories?post=2047"},{"taxonomy":"post_tag","embeddable":true,"href":"https:\/\/danielathali.ch\/wordpress\/wp-json\/wp\/v2\/tags?post=2047"}],"curies":[{"name":"wp","href":"https:\/\/api.w.org\/{rel}","templated":true}]}}